{"id":3527,"date":"2026-01-13T21:23:11","date_gmt":"2026-01-13T20:23:11","guid":{"rendered":"https:\/\/dinamobesturing.nl\/journee-des-fans-dinamo-2026-voulez-vous-participer\/"},"modified":"2026-04-20T21:07:27","modified_gmt":"2026-04-20T19:07:27","slug":"journee-des-fans-dinamo-2026-voulez-vous-participer","status":"publish","type":"post","link":"https:\/\/dinamobesturing.nl\/fr\/journee-des-fans-dinamo-2026-voulez-vous-participer\/","title":{"rendered":"Journ\u00e9e des fans Dinamo 2026 ! Voulez-vous participer ?"},"content":{"rendered":"\n<p>Nous \u00e9tudions la possibilit\u00e9 d\u2019organiser une <strong>Journ\u00e9e des fans<\/strong> Dinamo. Une journ\u00e9e pour et par les <strong>utilisateurs<\/strong> et <strong>passionn\u00e9s<\/strong> des produits Dinamo !!! Nous pr\u00e9voyons de l\u2019organiser le samedi <strong>4 juillet 2026<\/strong> au centre de r\u00e9ception de Muzenhof \u00e0 Ermelo. <\/p>\n\n<p>Pour que cette journ\u00e9e soit une r\u00e9ussite totale, nous recherchons des participants, des <strong>utilisateurs<\/strong>, qui souhaitent pr\u00e9senter leur r\u00e9seau de mod\u00e9lisme ferroviaire \u00e9quip\u00e9 de Dinamo, OC32, MCC ou DinaSys lors de notre journ\u00e9e des fans ! Cela vous int\u00e9resse ? <strong><a href=\"https:\/\/dinamobesturing.nl\/dinamo-fandag-2026\/\" data-type=\"page\" data-id=\"3318\">Inscrivez-vous ici<\/a><\/strong> ! <\/p>\n\n<p>Si vous souhaitez donner une <strong>d\u00e9monstration<\/strong> ou animer un atelier, vous \u00eates \u00e9galement les bienvenus. La seule condition : le pilotage doit s\u2019effectuer via les produits de VPEB. <\/p>\n\n<p>La participation est enti\u00e8rement gratuite, tout comme l\u2019entr\u00e9e !<\/p>\n\n<div class=\"wp-block-buttons is-layout-flex wp-block-buttons-is-layout-flex\">\n<div class=\"wp-block-button is-style-outline is-style-outline--1\"><a class=\"wp-block-button__link wp-element-button\" href=\"https:\/\/dinamobesturing.nl\/dinamo-fandag-2026\/?v=1a13105b7e4e\">Inscrivez-vous ici en tant que participant !<\/a><\/div>\n<\/div>\n","protected":false},"excerpt":{"rendered":"<p>Nous \u00e9tudions la possibilit\u00e9 d\u2019organiser une Journ\u00e9e des fans Dinamo. Une journ\u00e9e pour et par les utilisateurs et passionn\u00e9s des produits Dinamo !!! Nous pr\u00e9voyons de l\u2019organiser le samedi 4 juillet 2026 au centre de r\u00e9ception de Muzenhof \u00e0 Ermelo. Pour que cette journ\u00e9e soit une r\u00e9ussite totale, nous recherchons des participants, des utilisateurs, qui [&hellip;]<\/p>\n","protected":false},"author":1,"featured_media":3531,"comment_status":"closed","ping_status":"closed","sticky":false,"template":"","format":"standard","meta":{"_acf_changed":false,"_jetpack_memberships_contains_paid_content":false,"footnotes":""},"categories":[202],"tags":[],"class_list":["post-3527","post","type-post","status-publish","format-standard","has-post-thumbnail","hentry","category-actualites"],"acf":[],"jetpack_featured_media_url":"https:\/\/dinamobesturing.nl\/wp-content\/uploads\/2026\/01\/Fandag-2026.webp","jetpack_sharing_enabled":true,"_links":{"self":[{"href":"https:\/\/dinamobesturing.nl\/fr\/wp-json\/wp\/v2\/posts\/3527","targetHints":{"allow":["GET"]}}],"collection":[{"href":"https:\/\/dinamobesturing.nl\/fr\/wp-json\/wp\/v2\/posts"}],"about":[{"href":"https:\/\/dinamobesturing.nl\/fr\/wp-json\/wp\/v2\/types\/post"}],"author":[{"embeddable":true,"href":"https:\/\/dinamobesturing.nl\/fr\/wp-json\/wp\/v2\/users\/1"}],"replies":[{"embeddable":true,"href":"https:\/\/dinamobesturing.nl\/fr\/wp-json\/wp\/v2\/comments?post=3527"}],"version-history":[{"count":0,"href":"https:\/\/dinamobesturing.nl\/fr\/wp-json\/wp\/v2\/posts\/3527\/revisions"}],"wp:featuredmedia":[{"embeddable":true,"href":"https:\/\/dinamobesturing.nl\/fr\/wp-json\/wp\/v2\/media\/3531"}],"wp:attachment":[{"href":"https:\/\/dinamobesturing.nl\/fr\/wp-json\/wp\/v2\/media?parent=3527"}],"wp:term":[{"taxonomy":"category","embeddable":true,"href":"https:\/\/dinamobesturing.nl\/fr\/wp-json\/wp\/v2\/categories?post=3527"},{"taxonomy":"post_tag","embeddable":true,"href":"https:\/\/dinamobesturing.nl\/fr\/wp-json\/wp\/v2\/tags?post=3527"}],"curies":[{"name":"wp","href":"https:\/\/api.w.org\/{rel}","templated":true}]}}